{"id":4556,"date":"2024-05-28T11:16:38","date_gmt":"2024-05-28T09:16:38","guid":{"rendered":"https:\/\/breaking-taboos.eu\/2024\/05\/28\/prekinitev-molka-boj-proti-diskriminaciji-dusevnega-zdravja-med-mladimi\/"},"modified":"2024-06-28T16:34:34","modified_gmt":"2024-06-28T14:34:34","slug":"prekinitev-molka-boj-proti-diskriminaciji-dusevnega-zdravja-med-mladimi","status":"publish","type":"post","link":"https:\/\/breaking-taboos.eu\/sl\/2024\/05\/28\/prekinitev-molka-boj-proti-diskriminaciji-dusevnega-zdravja-med-mladimi\/","title":{"rendered":"Prekinitev molka: boj proti diskriminaciji du\u0161evnega zdravja med mladimi."},"content":{"rendered":"\n<p>V \u010dasu, ko se vse ve\u010d govori o du\u0161evnem zdravju, se mladi znajdejo v dilemi, razpeti med \u017eeljo, da bi spregovorili in strahom pred zavra\u010danjem. <strong>Zavra\u010danje<\/strong>, ki temelji na predsodkih in nerazumevanju, \u0161e vedno predstavlja veliko oviro za izra\u017eanje in iskanje pomo\u010di pri du\u0161evnih te\u017eavah. Ta \u010dlanek \u017eeli raziskati razli\u010dne vidike tega problema in predlagati re\u0161itve za bolj prijazen in vklju\u010dujo\u010d pristop.  <\/p>\n\n<h2 class=\"wp-block-heading\">Razumevanje te\u017eav<\/h2>\n\n<p>Du\u0161evne te\u017eave med mladimi niso osamljen pojav; so svetovna skrb. Po podatkih Svetovne zdravstvene organizacije pribli\u017eno <strong>20%<\/strong> otrok in mladostnikov po vsem svetu trpi zaradi du\u0161evnih motenj, kar lahko mo\u010dno vpliva na njihov razvoj, izobra\u017eevanje in sposobnost, da bi \u017eiveli izpolnjeno \u017eivljenje. Med najpogostej\u0161e diagnosticirane motnje sodijo depresija, tesnoba, vedenjske te\u017eave in avtizem, vsaka pa prina\u0161a svoje posebne izzive glede prepoznavanja in ukrepanja.  <\/p>\n\n<h2 class=\"wp-block-heading\">Ovire pri pomo\u010di<\/h2>\n\n<p>Pot k sprejemanju pomo\u010di je polna ovir, predvsem zaradi negativnih prepri\u010danj in neznanja o du\u0161evnem zdravju. Strah pred obsojanjem so\u0161olcev, strah pred zavrnitvijo dru\u017eine ali prijateljev ter sram zaradi du\u0161evnih te\u017eav odvra\u010dajo veliko mladih od odprtega pogovora o svojih te\u017eavah. Ta nezainteresiranost se \u0161e stopnjuje <strong>zaradi napa\u010dnih in stigmatizirajo\u010dih prikazov<\/strong> du\u0161evnih bolezni v medijih, kar pove\u010duje ob\u010dutek osamljenosti.  <\/p>\n\n<h2 class=\"wp-block-heading\">Re\u0161itve in pristopi<\/h2>\n\n<p>Za prenehanje z nesprejemanjem je pomembno, da se osredoto\u010dimo na izobra\u017eevanje, podporo in krepitev mladih. Tu so nekateri konkretni koraki: <\/p>\n\n<ul class=\"wp-block-list\">\n<li><strong>Izobra\u017eevanje in ozave\u0161\u010danje:<\/strong> Vklju\u010diti programe izobra\u017eevanja o du\u0161evnem zdravju v \u0161olske u\u010dne na\u010drte, da bi mlade opremili s potrebnim znanjem za razumevanje in obvladovanje lastnega du\u0161evnega zdravja ter razvili empatijo do drugih.<\/li>\n<\/ul>\n\n<ul class=\"wp-block-list\">\n<li><strong>Promocija pozitivnih zgledov:<\/strong> Poudarjati uspe\u0161ne zgodbe in poti okrevanja, da poka\u017eemo, da se du\u0161evne te\u017eave lahko uspe\u0161no obvladujejo, in da iskanje pomo\u010di predstavlja znak mo\u010di.<\/li>\n<\/ul>\n\n<ul class=\"wp-block-list\">\n<li><strong>Podpora skupnosti:<\/strong> Spodbujanje ustanovitve klubov za du\u0161evno zdravje v \u0161olah in na univerzah, kjer bodo mladi imeli varno okolje za pogovor pod nadzorom strokovnjakov.<\/li>\n<\/ul>\n\n<ul class=\"wp-block-list\">\n<li><strong>Dostop do kakovostnih virov:<\/strong> Omogo\u010diti mladim la\u017eji dostop do storitev za du\u0161evno zdravje, kot so telefonske pomo\u010di, aplikacije za dobro po\u010dutje in spletne terapije, za dostopno in anonimno podporo.<\/li>\n<\/ul>\n\n<h2 class=\"wp-block-heading\">Brez diskriminacije v prihodnosti<\/h2>\n\n<p>Boj proti stigmi du\u0161evnega zdravja med mladimi je naloga vseh nas: izobra\u017eevalcev, zdravstvenih delavcev, star\u0161ev in predvsem mladih samih. Z ustvarjanjem okolja, kjer se priznava, da je biti ranljiv del \u010dlove\u0161kega \u017eivljenja, lahko vsi prispevamo k prihodnosti, kjer bomo du\u0161evno zdravje jemali tako resno kot telesno zdravje. <\/p>\n\n<h2 class=\"wp-block-heading\">Reference<\/h2>\n\n<p>UNICEF. (2023, 14 november). <em>Adolescent mental health statistics &#8211; UNICEF DATA<\/em>. UNICEF DATA.   <a href=\"https:\/\/data.unicef.org\/topic\/child-health\/mental-health\/#:~:text=Mental%20health%20conditions%20constitute%20a,girls\">https:\/\/data.unicef.org\/topic\/child-health\/mental-health\/#:~:text=Mental%20health%20conditions%20constitute%20a,girls)%20boys%20and%20girls%20globally.<\/a><\/p>\n\n<p>Willibald Zeck, Joanna Lai, UNICEF, Stellenbosch University, De Carvalho Eriksson, C., Banati, P., Basu, R., Carvajal, L., Ferencic, N., Hijazi, Z., Kitamura, T., Mariano, L., Prabhu, S. M., Trossero, A., Levy, M., &amp; Sanchita Jain. (2020). <em>Adolescent mental health matters<\/em> (S. Skeen, M. Marlow, O. Akin-Olugbade, T. Jain, A. Cui, &amp; P. Vyas, Reds.).  https:\/\/www.unicef.org\/media\/82926\/file\/Adolescent-Mental-Health-Matters-Report-Final-July2020.pdf<\/p>\n\n<p>World Health Organization: WHO. (2022, 8 juni). <em>Mental disorders<\/em>. <a href=\"https:\/\/www.who.int\/news-room\/fact-sheets\/detail\/mental-disorders\">https:\/\/www.who.int\/news-room\/fact-sheets\/detail\/mental-disorders<\/a> <\/p>\n","protected":false},"excerpt":{"rendered":"<p>V \u010dasu, ko se vse ve\u010d govori o du\u0161evnem zdravju, se mladi znajdejo v dilemi, razpeti med \u017eeljo, da bi spregovorili in strahom pred zavra\u010danjem. Zavra\u010danje, ki temelji na predsodkih in nerazumevanju, \u0161e vedno predstavlja veliko oviro za izra\u017eanje in iskanje pomo\u010di pri du\u0161evnih te\u017eavah. Ta \u010dlanek \u017eeli raziskati razli\u010dne vidike tega problema in predlagati [&hellip;]<\/p>\n","protected":false},"author":1,"featured_media":3251,"comment_status":"closed","ping_status":"closed","sticky":false,"template":"","format":"standard","meta":{"_acf_changed":false,"_et_pb_use_builder":"","_et_pb_old_content":"","_et_gb_content_width":"","footnotes":""},"categories":[20],"tags":[],"class_list":["post-4556","post","type-post","status-publish","format-standard","has-post-thumbnail","hentry","category-uncategorized-sl"],"acf":[],"_links":{"self":[{"href":"https:\/\/breaking-taboos.eu\/sl\/wp-json\/wp\/v2\/posts\/4556","targetHints":{"allow":["GET"]}}],"collection":[{"href":"https:\/\/breaking-taboos.eu\/sl\/wp-json\/wp\/v2\/posts"}],"about":[{"href":"https:\/\/breaking-taboos.eu\/sl\/wp-json\/wp\/v2\/types\/post"}],"author":[{"embeddable":true,"href":"https:\/\/breaking-taboos.eu\/sl\/wp-json\/wp\/v2\/users\/1"}],"replies":[{"embeddable":true,"href":"https:\/\/breaking-taboos.eu\/sl\/wp-json\/wp\/v2\/comments?post=4556"}],"version-history":[{"count":3,"href":"https:\/\/breaking-taboos.eu\/sl\/wp-json\/wp\/v2\/posts\/4556\/revisions"}],"predecessor-version":[{"id":4834,"href":"https:\/\/breaking-taboos.eu\/sl\/wp-json\/wp\/v2\/posts\/4556\/revisions\/4834"}],"wp:featuredmedia":[{"embeddable":true,"href":"https:\/\/breaking-taboos.eu\/sl\/wp-json\/wp\/v2\/media\/3251"}],"wp:attachment":[{"href":"https:\/\/breaking-taboos.eu\/sl\/wp-json\/wp\/v2\/media?parent=4556"}],"wp:term":[{"taxonomy":"category","embeddable":true,"href":"https:\/\/breaking-taboos.eu\/sl\/wp-json\/wp\/v2\/categories?post=4556"},{"taxonomy":"post_tag","embeddable":true,"href":"https:\/\/breaking-taboos.eu\/sl\/wp-json\/wp\/v2\/tags?post=4556"}],"curies":[{"name":"wp","href":"https:\/\/api.w.org\/{rel}","templated":true}]}}